{"id":641,"date":"2023-12-26T23:55:00","date_gmt":"2023-12-26T22:55:00","guid":{"rendered":"https:\/\/seeland-vet.ch\/?p=641"},"modified":"2024-01-01T00:26:34","modified_gmt":"2023-12-31T23:26:34","slug":"praxisuebernahme","status":"publish","type":"post","link":"https:\/\/seeland-vet.ch\/?p=641","title":{"rendered":"Praxis\u00fcbernahme"},"content":{"rendered":"\n<p class=\"has-text-align-center has-text-color has-background has-link-color has-larger-font-size wp-elements-7684d3b24b7d55d141d803d1eb774679\" style=\"color:#0a4b60;background-color:#fbdad6\"><strong>Die Tierarztpraxis Dr. Adrian Schott<br>wird zur<br> Grosstierpraxis SeelandVet AG<\/strong><\/p>\n\n\n\n<p class=\"has-text-color has-link-color wp-elements-e0cc1d1fa98b235de2db5d94ffd70538\" style=\"color:#0a4b60\">Liebe B\u00e4uerinnen und Bauern, liebe Pferdebesitzerinnen, Pony- und Eselfreunde, liebe Schafhalter- und Ziegenliebhaberinnen<\/p>\n\n\n\n<p class=\"has-text-color has-link-color wp-elements-f8b9af739ae7af5f104868a01c95507a\" style=\"color:#0a4b60\">Mit gro\u00dfer Freude m\u00f6chte ich Euch verk\u00fcnden, dass ich per 1.1.2024 die Grosstierpraxis von Adrian Schott \u00fcbernehmen werde. Ich m\u00f6chte mich an dieser Stelle ganz herzlich bei Adi bedanken. Einerseits f\u00fcr die gute Zeit die wir alle als Team zusammen verbringen durften, andererseits f\u00fcr all das Wissen und die Fertigkeiten, die er mir mitgegeben hat. Ich bin sehr bem\u00fcht, die Praxis in seinem Sinne weiterzuf\u00fchren.<\/p>\n\n\n\n<p class=\"has-text-color has-link-color wp-elements-6c50015c90aa854866acaf20eaaf84d4\" style=\"color:#0a4b60\">Ihr kennt mich ja bereits alle. Ich bin Nadine R\u00f6sch. Vor Jahren kam ich als pferdebegeisterte Tiermedizinstudentin zu Adi und Co. nach T\u00e4uffelen, um in einem zweiw\u00f6chigen Praktikum kurz vor meinem Staatsexamen meine Nutztierkenntnisse etwas aufzubessern&#8230;<\/p>\n\n\n\n<p class=\"has-text-color has-link-color wp-elements-8db5c7171058edde3b75efa33ecb09ea\" style=\"color:#0a4b60\">\u2026da bin ich nun noch immer, mehr als 13 Jahre sp\u00e4ter\u2026<\/p>\n\n\n\n<p class=\"has-text-color has-link-color wp-elements-335b0079f2717c7af9fbe35b5222df3b\" style=\"color:#0a4b60\">Es ist mir eine gro\u00dfe Ehre, als Nachfolgerin von Adi Schott Euch weiterhin als Tier\u00e4rztin der Grosstierpraxis SeelandVet AG, zusammen mit Peter Steffen, Sinikka Frei, Patrick Jutzi, Anja Wyder eine hochwertige medizinische Betreuung gew\u00e4hrleisten zu d\u00fcrfen. Alle laufenden Behandlungen und Vereinbarungen werden wie gewohnt fortgesetzt.<\/p>\n\n\n\n<p class=\"has-text-color has-link-color wp-elements-4d0dce49e7b341f1eff07c59d03d9be4\" style=\"color:#0a4b60\">Ich hoffe, dass Ihr Euch bei uns auch weiterhin gut aufgehoben f\u00fchlt und Ihr unserer Praxis auch in Zukunft treu bleiben werdet<\/p>\n\n\n\n<p class=\"has-text-color has-link-color wp-elements-a52f06a169780cf1a47cddc1dd7f4531\" style=\"color:#0a4b60\">Ich m\u00f6chte mich bereits im Voraus herzlich f\u00fcr Euer Vertrauen bedanken und freue mich auf eine weiterhin gute Zusammenarbeit!<\/p>\n","protected":false},"excerpt":{"rendered":"<p>Die Tierarztpraxis Dr. Adrian Schottwird zur Grosstierpraxis SeelandVet AG Liebe B\u00e4uerinnen und Bauern, liebe Pferdebesitzerinnen, Pony- und Eselfreunde, liebe Schafhalter- und Ziegenliebhaberinnen Mit gro\u00dfer Freude m\u00f6chte ich Euch verk\u00fcnden, dass ich per 1.1.2024 die Grosstierpraxis von Adrian Schott \u00fcbernehmen werde. Ich m\u00f6chte mich an dieser Stelle ganz herzlich bei Adi bedanken. Einerseits f\u00fcr die gute [&hellip;]<\/p>\n","protected":false},"author":1,"featured_media":642,"comment_status":"closed","ping_status":"closed","sticky":false,"template":"templates\/template-full-width.php","format":"standard","meta":{"footnotes":""},"categories":[1],"tags":[],"class_list":["post-641","post","type-post","status-publish","format-standard","has-post-thumbnail","hentry","category-pferde"],"_links":{"self":[{"href":"https:\/\/seeland-vet.ch\/index.php?rest_route=\/wp\/v2\/posts\/641","targetHints":{"allow":["GET"]}}],"collection":[{"href":"https:\/\/seeland-vet.ch\/index.php?rest_route=\/wp\/v2\/posts"}],"about":[{"href":"https:\/\/seeland-vet.ch\/index.php?rest_route=\/wp\/v2\/types\/post"}],"author":[{"embeddable":true,"href":"https:\/\/seeland-vet.ch\/index.php?rest_route=\/wp\/v2\/users\/1"}],"replies":[{"embeddable":true,"href":"https:\/\/seeland-vet.ch\/index.php?rest_route=%2Fwp%2Fv2%2Fcomments&post=641"}],"version-history":[{"count":4,"href":"https:\/\/seeland-vet.ch\/index.php?rest_route=\/wp\/v2\/posts\/641\/revisions"}],"predecessor-version":[{"id":671,"href":"https:\/\/seeland-vet.ch\/index.php?rest_route=\/wp\/v2\/posts\/641\/revisions\/671"}],"wp:featuredmedia":[{"embeddable":true,"href":"https:\/\/seeland-vet.ch\/index.php?rest_route=\/wp\/v2\/media\/642"}],"wp:attachment":[{"href":"https:\/\/seeland-vet.ch\/index.php?rest_route=%2Fwp%2Fv2%2Fmedia&parent=641"}],"wp:term":[{"taxonomy":"category","embeddable":true,"href":"https:\/\/seeland-vet.ch\/index.php?rest_route=%2Fwp%2Fv2%2Fcategories&post=641"},{"taxonomy":"post_tag","embeddable":true,"href":"https:\/\/seeland-vet.ch\/index.php?rest_route=%2Fwp%2Fv2%2Ftags&post=641"}],"curies":[{"name":"wp","href":"https:\/\/api.w.org\/{rel}","templated":true}]}}